{"id":17958,"date":"2026-04-06T01:25:52","date_gmt":"2026-04-06T00:25:52","guid":{"rendered":"https:\/\/www.mixedabilitysports.org\/?p=17958"},"modified":"2026-04-06T20:24:14","modified_gmt":"2026-04-06T19:24:14","slug":"el-baskonia-consolida-su-papel-como-referente-del-baloncesto-mixed-ability-en-espana","status":"publish","type":"post","link":"https:\/\/www.mixedabilitysports.org\/es\/el-baskonia-consolida-su-papel-como-referente-del-baloncesto-mixed-ability-en-espana\/","title":{"rendered":"El Baskonia consolida su papel como referente del baloncesto Mixed Ability en Espa\u00f1a"},"content":{"rendered":"<h3 data-start=\"142\" data-end=\"315\"><strong data-start=\"142\" data-end=\"315\"><span dir=\"auto\" style=\"vertical-align: inherit;\"><span dir=\"auto\" style=\"vertical-align: inherit;\"><span dir=\"auto\" style=\"vertical-align: inherit;\"><span dir=\"auto\" style=\"vertical-align: inherit;\">El Baskonia Mixed Ability disput\u00f3 la pasada semana un encuentro frente al Smartlog Ointxapeldunak en Mondrag\u00f3n, con participaci\u00f3n en las categor\u00edas femenina y masculina.<\/span><\/span><\/span><\/span><\/strong><\/h3>\n<p data-start=\"317\" data-end=\"649\"><span dir=\"auto\" style=\"vertical-align: inherit;\"><span dir=\"auto\" style=\"vertical-align: inherit;\"><span dir=\"auto\" style=\"vertical-align: inherit;\"><span dir=\"auto\" style=\"vertical-align: inherit;\">M\u00e1s all\u00e1 de los resultados, ambos partidos volvieron a poner en valor el papel del Baskonia como uno de los referentes en el impulso del Mixed Ability, un modelo que promueve la inclusi\u00f3n real de personas con y sin discapacidad dentro de un mismo equipo y bajo las mismas reglas del baloncesto convencional.<\/span><\/span><\/span><\/span><\/p>\n<p><img loading=\"lazy\" decoding=\"async\" class=\"aligncenter wp-image-17940 size-large\" src=\"https:\/\/www.mixedabilitysports.org\/wp-content\/uploads\/55180582173_03cf9dc21d_o-1024x683.jpg\" alt=\"\" width=\"1024\" height=\"683\" srcset=\"https:\/\/www.mixedabilitysports.org\/wp-content\/uploads\/55180582173_03cf9dc21d_o-980x653.jpg 980w, https:\/\/www.mixedabilitysports.org\/wp-content\/uploads\/55180582173_03cf9dc21d_o-480x320.jpg 480w\" sizes=\"(min-width: 0px) and (max-width: 480px) 480px, (min-width: 481px) and (max-width: 980px) 980px, (min-width: 981px) 1024px, 100vw\" \/><\/p>\n<p><span dir=\"auto\" style=\"vertical-align: inherit;\"><span dir=\"auto\" style=\"vertical-align: inherit;\"><span dir=\"auto\" style=\"vertical-align: inherit;\"><span dir=\"auto\" style=\"vertical-align: inherit;\">Nos dec\u00eda Nuria Zapatero Elorrieta, Integradora Social del Baskonia:<\/span><\/span><\/span><\/span><\/p>\n<blockquote>\n<p data-start=\"317\" data-end=\"649\"><em data-start=\"115\" data-end=\"349\"><span dir=\"auto\" style=\"vertical-align: inherit;\"><span dir=\"auto\" style=\"vertical-align: inherit;\"><span dir=\"auto\" style=\"vertical-align: inherit;\"><span dir=\"auto\" style=\"vertical-align: inherit;\">&#8220;Cada partido de baloncesto Mixed Ability es mucho m\u00e1s que baloncesto: es un espacio donde se rompen barreras, desaparecen etiquetas y construimos verdadera inclusi\u00f3n.\u00a0 <\/span><\/span><\/span><\/span><\/em><em data-start=\"383\" data-end=\"562\"><span dir=\"auto\" style=\"vertical-align: inherit;\"><span dir=\"auto\" style=\"vertical-align: inherit;\"><span dir=\"auto\" style=\"vertical-align: inherit;\"><span dir=\"auto\" style=\"vertical-align: inherit;\">El modelo Mixed Ability nos demuestra que la verdadera victoria no est\u00e1 en el resultado, sino en las miradas, la confianza y la comunidad que construimos dentro y fuera de la cancha.&#8221;<\/span><\/span><\/span><\/span><\/em><\/p>\n<p data-start=\"317\" data-end=\"649\"><em data-start=\"600\" data-end=\"776\"><span dir=\"auto\" style=\"vertical-align: inherit;\"><span dir=\"auto\" style=\"vertical-align: inherit;\"><span dir=\"auto\" style=\"vertical-align: inherit;\"><span dir=\"auto\" style=\"vertical-align: inherit;\">\u00a0\u201cDespu\u00e9s de varias temporadas, el baloncesto Mixed Ability ya no es un sue\u00f1o, es una realidad que demuestra que el deporte puede ser una verdadera herramienta de inclusi\u00f3n y comunidad\u201d.<\/span><\/span><\/span><\/span><\/em><\/p>\n<\/blockquote>\n<p data-start=\"651\" data-end=\"875\"><span dir=\"auto\" style=\"vertical-align: inherit;\"><span dir=\"auto\" style=\"vertical-align: inherit;\"><span dir=\"auto\" style=\"vertical-align: inherit;\"><span dir=\"auto\" style=\"vertical-align: inherit;\">En esta ocasi\u00f3n, el anfitri\u00f3n fue Smartlog Ointxapeldunak, un club que tambi\u00e9n desarrolla una importante labor de inclusi\u00f3n a trav\u00e9s del deporte y que se est\u00e1 consolidando como otro ejemplo del crecimiento de la oferta de nuevos espacios deportivos seguros y acogedores para personas con y sin discapacidad.<\/span><\/span><\/span><\/span><\/p>\n<p><span dir=\"auto\" style=\"vertical-align: inherit;\"><span dir=\"auto\" style=\"vertical-align: inherit;\">I\u00f1aki Ogara Ortiz De Arri, <\/span><\/span><span dir=\"auto\" style=\"vertical-align: inherit;\"><span dir=\"auto\" style=\"vertical-align: inherit;\"><span dir=\"auto\" style=\"vertical-align: inherit;\">Director y Entrenador Ointxe nos brindaba su testimonio acerca de esta experiencia:<\/span><\/span><\/span><\/p>\n<blockquote><p><span dir=\"auto\" style=\"vertical-align: inherit;\"><span dir=\"auto\" style=\"vertical-align: inherit;\">&#8220;Para m\u00ed, el Mixed Ability no es solo una modalidad de juego, sino un ecosistema donde el baloncesto recupera su esencia m\u00e1s pura: el esfuerzo compartido y las pertenencias a un equipo, eliminando cualquier etiqueta previa. <\/span><\/span><br \/>\n<span dir=\"auto\" style=\"vertical-align: inherit;\"><span dir=\"auto\" style=\"vertical-align: inherit;\">Para los jugadores y jugadoras con discapacidad supone una validaci\u00f3n de sus capacidades competitivas en un entorno de igualdad real, fomentando una autonom\u00eda y una confianza que trascienden la cancha de baloncesto. <\/span><\/span><br \/>\n<span dir=\"auto\" style=\"vertical-align: inherit;\"><span dir=\"auto\" style=\"vertical-align: inherit;\">Para nuestros jugadores y jugadoras sin discapacidad representa una oportunidad de crecimiento personal y t\u00e9cnico, donde se redefinen conceptos como la empat\u00eda, el liderazgo y la adaptabilidad.&#8221;<\/span><\/span><\/p>\n<p><span dir=\"auto\" style=\"vertical-align: inherit;\"><span dir=\"auto\" style=\"vertical-align: inherit;\">&#8220;Ver el crecimiento de este modelo es ver c\u00f3mo el deporte se convierte en una herramienta de transformaci\u00f3n social efectiva.&#8221;<\/span><\/span><\/p><\/blockquote>\n<p data-start=\"651\" data-end=\"875\"><span dir=\"auto\" style=\"vertical-align: inherit;\"><span dir=\"auto\" style=\"vertical-align: inherit;\">\u00a0<\/span><\/span><\/p>\n<p data-start=\"651\" data-end=\"875\"><img loading=\"lazy\" decoding=\"async\" class=\"aligncenter wp-image-17943 size-large\" src=\"https:\/\/www.mixedabilitysports.org\/wp-content\/uploads\/55180582423_d6ba2591a1_o-1024x683.jpg\" alt=\"\" width=\"1024\" height=\"683\" srcset=\"https:\/\/www.mixedabilitysports.org\/wp-content\/uploads\/55180582423_d6ba2591a1_o-980x653.jpg 980w, https:\/\/www.mixedabilitysports.org\/wp-content\/uploads\/55180582423_d6ba2591a1_o-480x320.jpg 480w\" sizes=\"(min-width: 0px) and (max-width: 480px) 480px, (min-width: 481px) and (max-width: 980px) 980px, (min-width: 981px) 1024px, 100vw\" \/><\/p>\n<p data-start=\"651\" data-end=\"875\"><span dir=\"auto\" style=\"vertical-align: inherit;\"><span dir=\"auto\" style=\"vertical-align: inherit;\"><span dir=\"auto\" style=\"vertical-align: inherit;\"><span dir=\"auto\" style=\"vertical-align: inherit;\">La experiencia del club vitoriano demuestra que este modelo es plenamente viable dentro de estructuras deportivas tradicionales y que puede servir de referencia para que otros clubes del territorio nacional desarrollen proyectos similares, contribuyendo as\u00ed al crecimiento del baloncesto Mixed Ability ya la expansi\u00f3n de este modelo deportivo en Espa\u00f1a. \ud83c\udfc0<\/span><\/span><\/span><\/span><\/p>\n<p data-start=\"651\" data-end=\"875\"><img loading=\"lazy\" decoding=\"async\" class=\"aligncenter wp-image-17946 size-large\" src=\"https:\/\/www.mixedabilitysports.org\/wp-content\/uploads\/55178180286_6f00fd4aa9_o-1024x683.jpg\" alt=\"\" width=\"1024\" height=\"683\" srcset=\"https:\/\/www.mixedabilitysports.org\/wp-content\/uploads\/55178180286_6f00fd4aa9_o-980x653.jpg 980w, https:\/\/www.mixedabilitysports.org\/wp-content\/uploads\/55178180286_6f00fd4aa9_o-480x320.jpg 480w\" sizes=\"(min-width: 0px) and (max-width: 480px) 480px, (min-width: 481px) and (max-width: 980px) 980px, (min-width: 981px) 1024px, 100vw\" \/><\/p>\n<p data-start=\"651\" data-end=\"875\"><img loading=\"lazy\" decoding=\"async\" class=\"aligncenter wp-image-17949 size-large\" src=\"https:\/\/www.mixedabilitysports.org\/wp-content\/uploads\/55178180576_1ec5e7707a_o-1024x768.jpg\" alt=\"\" width=\"1024\" height=\"768\" srcset=\"https:\/\/www.mixedabilitysports.org\/wp-content\/uploads\/55178180576_1ec5e7707a_o-980x735.jpg 980w, https:\/\/www.mixedabilitysports.org\/wp-content\/uploads\/55178180576_1ec5e7707a_o-480x360.jpg 480w\" sizes=\"(min-width: 0px) and (max-width: 480px) 480px, (min-width: 481px) and (max-width: 980px) 980px, (min-width: 981px) 1024px, 100vw\" \/><\/p>\n<p data-start=\"651\" data-end=\"875\"><img loading=\"lazy\" decoding=\"async\" class=\"aligncenter wp-image-17952 size-large\" src=\"https:\/\/www.mixedabilitysports.org\/wp-content\/uploads\/55178580985_69aa10dd15_o-1024x683.jpg\" alt=\"\" width=\"1024\" height=\"683\" srcset=\"https:\/\/www.mixedabilitysports.org\/wp-content\/uploads\/55178580985_69aa10dd15_o-980x653.jpg 980w, https:\/\/www.mixedabilitysports.org\/wp-content\/uploads\/55178580985_69aa10dd15_o-480x320.jpg 480w\" sizes=\"(min-width: 0px) and (max-width: 480px) 480px, (min-width: 481px) and (max-width: 980px) 980px, (min-width: 981px) 1024px, 100vw\" \/><\/p>\n<p data-start=\"317\" data-end=\"649\">\n","protected":false},"excerpt":{"rendered":"<p>El Baskonia Mixed Ability disput\u00f3 la pasada semana un encuentro frente al Smartlog Ointxapeldunak en Mondrag\u00f3n, con participaci\u00f3n en las categor\u00edas femenina y masculina. M\u00e1s all\u00e1 de los resultados, ambos partidos volvieron a poner en valor el papel del Baskonia como uno de los referentes en el impulso del Mixed Ability, un modelo que promueve [&hellip;]<\/p>\n","protected":false},"author":938,"featured_media":17943,"comment_status":"closed","ping_status":"closed","sticky":false,"template":"","format":"standard","meta":{"_et_pb_use_builder":"","_et_pb_old_content":"","_et_gb_content_width":"","footnotes":""},"categories":[549],"tags":[1548,1549,1547,247,1536,1352,374,511,1550,1551],"class_list":["post-17958","post","type-post","status-publish","format-standard","has-post-thumbnail","hentry","category-blog-es","tag-baloncesto-mixed-ability","tag-baskonia","tag-basquet-mixed-ability","tag-imas-es","tag-imas-espana","tag-imas-spain-es","tag-international-mixed-ability-sports-es","tag-mixed-ability-sports-es","tag-saski-baskonia","tag-smartlog-ointxapeldunak"],"_links":{"self":[{"href":"https:\/\/www.mixedabilitysports.org\/es\/wp-json\/wp\/v2\/posts\/17958","targetHints":{"allow":["GET"]}}],"collection":[{"href":"https:\/\/www.mixedabilitysports.org\/es\/wp-json\/wp\/v2\/posts"}],"about":[{"href":"https:\/\/www.mixedabilitysports.org\/es\/wp-json\/wp\/v2\/types\/post"}],"author":[{"embeddable":true,"href":"https:\/\/www.mixedabilitysports.org\/es\/wp-json\/wp\/v2\/users\/938"}],"replies":[{"embeddable":true,"href":"https:\/\/www.mixedabilitysports.org\/es\/wp-json\/wp\/v2\/comments?post=17958"}],"version-history":[{"count":4,"href":"https:\/\/www.mixedabilitysports.org\/es\/wp-json\/wp\/v2\/posts\/17958\/revisions"}],"predecessor-version":[{"id":17969,"href":"https:\/\/www.mixedabilitysports.org\/es\/wp-json\/wp\/v2\/posts\/17958\/revisions\/17969"}],"wp:featuredmedia":[{"embeddable":true,"href":"https:\/\/www.mixedabilitysports.org\/es\/wp-json\/wp\/v2\/media\/17943"}],"wp:attachment":[{"href":"https:\/\/www.mixedabilitysports.org\/es\/wp-json\/wp\/v2\/media?parent=17958"}],"wp:term":[{"taxonomy":"category","embeddable":true,"href":"https:\/\/www.mixedabilitysports.org\/es\/wp-json\/wp\/v2\/categories?post=17958"},{"taxonomy":"post_tag","embeddable":true,"href":"https:\/\/www.mixedabilitysports.org\/es\/wp-json\/wp\/v2\/tags?post=17958"}],"curies":[{"name":"wp","href":"https:\/\/api.w.org\/{rel}","templated":true}]}}